{"id":5329,"date":"2021-01-11T15:50:00","date_gmt":"2021-01-11T13:50:00","guid":{"rendered":"https:\/\/blog.mocapp.net\/?p=5329"},"modified":"2022-08-10T11:22:15","modified_gmt":"2022-08-10T09:22:15","slug":"interviu-mocapp-cu-dana-rogoz","status":"publish","type":"post","link":"https:\/\/mocapp.net\/blog\/interviu-mocapp-cu-dana-rogoz\/?lang=ro","title":{"rendered":"Interviu MOCAPP cu Dana Rogoz"},"content":{"rendered":"\n<p>Pe <strong>Dana Rogoz<\/strong> o \u0219tim cu to\u021bii de pe vremea c\u00e2nd era Abramburica de la &#8220;Abracadabra&#8221;. A crescut \u00een lumina reflectoarelor \u0219i fiecare rol pe care l-a avut a marcat o perioad\u0103 important\u0103 din via\u021ba ei. Acum la 35 de ani, Dana Rogoz are o carier\u0103 artistic\u0103 de succes \u0219i o via\u021b\u0103 personal\u0103 \u00eemplinit\u0103. Noi o admir\u0103m pentru c\u0103 a reu\u0219it s\u0103 men\u021bin\u0103 acest echilibru at\u00e2t de important de-a lungul timpului. <\/p>\n\n\n\n<p>Dana este \u0219i una dintre cele mai puternice prezen\u021be online din Rom\u00e2nia. <\/p>\n\n\n\n<p>Datorit\u0103 creativit\u0103\u021bii, con\u021binutului autentic pe care l-a postat \u00een mod constant timp de mai bine de 10 ani, <strong>Dana Rogoz<\/strong> este \u00een topul alegerilor brandurilor atunci c\u00e2nd vine vorba de campanii online \u00een Rom\u00e2nia. <\/p>\n\n\n\n<p>Pe Instagram, Facebook \u0219i pe blog, artista are o comunitate fidel\u0103 adunat\u0103 \u00een jurul ei, care cre\u0219te pe zi ce trece. <\/p>\n\n\n\n<p>Dana Rogoz este o adev\u0103rat\u0103 div\u0103 digital\u0103, iar noi i-am luat un interviu despre Social Media, ce a \u00eensemnat anul 2020 pentru ea \u0219i&#8230; despre via\u021b\u0103 \u00een general. <\/p>\n\n\n\n<figure class=\"wp-block-image size-large\"><img loading=\"lazy\" decoding=\"async\" width=\"1024\" height=\"1024\" src=\"https:\/\/blog.mocapp.net\/wp-content\/uploads\/2021\/01\/Dana-Rogoz-1024x1024.jpg\" alt=\"Dana Rogoz - MOCAPP\" class=\"wp-image-5405\"\/><\/figure>\n\n\n\n<h2 class=\"wp-block-heading\">Interviu Dana Rogoz<\/h2>\n\n\n\n<h2 class=\"wp-block-heading\">1. Cum o s\u0103-\u021bi aminte\u0219ti anul 2020? Care ar fi trei lucruri cu care ai r\u0103mas dup\u0103 acest an?<\/h2>\n\n\n\n<p><strong>Dana Rogoz<\/strong><em>: \u201eMai presus de orice, anul 2020 va r\u0103m\u00e2ne pentru mine anul na\u0219terii feti\u021bei mele \u0219i abia dup\u0103 anul pandemiei. A fost un an intens. Am tr\u0103it o bucurie imens\u0103 s\u0103 \u00eemi \u021bin \u00een bra\u021be feti\u021ba s\u0103n\u0103toas\u0103, n\u0103sc\u00e2nd imediat dup\u0103 ie\u0219irea din starea de urgen\u021b\u0103. Dar am trecut \u0219i prin temeri mari, pe care nu le-am avut la prima sarcin\u0103. <\/em><\/p>\n\n\n\n<p><em>Pe scurt, am \u00eenceput anul cu o filmare pentru un rol principal \u00eentr-un lungmetraj \u00een UK<\/em>. A<em>poi m-am \u00eentors \u00een \u021bar\u0103 \u0219i am jucat teatru p\u00e2n\u0103 \u00een luna a 7-a, c\u00e2nd m-am decis c\u0103 e momentul s\u0103 iau o pauz\u0103 \u0219i s\u0103 m\u0103 preg\u0103tesc pentru sosirea pe lume a celui de-al doilea copil. <\/em><\/p>\n\n\n\n<p><em>\u00cemi f\u0103cusem o mul\u021bime de planuri, mai ales c\u0103 aveam ca reper prima na\u0219tere. La 3 zile dup\u0103 ultimul spectacol jucat s-au \u00eenchis \u0219colile \u0219i gr\u0103dini\u021bile, a\u0219adar am r\u0103mas acasa, al\u0103turi de so\u021b \u0219i copil \u0219i ne-am readaptat noilor condi\u021bii. <\/em><\/p>\n\n\n\n<p><em>Din lockdown o s\u0103 \u00eemi aduc aminte at\u00e2t de grijile pe care le aveam urm\u0103rind \u0219tirile, c\u00e2t \u0219i de dezinfectatul obsesiv. Dar o s\u0103 \u00eemi aduc aminte \u0219i de cum petreceam doar noi trei 24 ore din 24, \u00eencerc\u00e2nd s\u0103 transform\u0103m livingul, pe r\u00e2nd, \u00een spa\u021biu de joac\u0103, de luat masa, spa\u021biu de lucru, ba chiar \u0219i \u00een muzeu, \u00een restaurant sau \u0219tiu eu ce alt\u0103 idee ne trecea prin cap. \u0218i o s\u0103 \u00eemi aduc aminte c\u0103 am citit live copiilor pove\u0219ti, \u00een fiecare zi, pe pagina mea de Facebook, ca s\u0103 le ofer p\u0103rin\u021bilor m\u0103car c\u00e2teva minute libere \u00een timpul zilelor de carantin\u0103. Am dep\u0103\u0219it suta de pove\u0219ti, efectiv am pierdut num\u0103rul c\u0103r\u021bilor de copii citite zilnic. <\/em><\/p>\n\n\n\n<p><em>Apoi o s\u0103 \u00eemi aduc aminte cum m-au l\u0103sat b\u0103ie\u021bii la ora 5:30 diminea\u021ba \u00een fa\u021ba spitalului \u0219i cum am intrat \u00een cortul de triaj, cu geanta de maternitate \u00eentr-o m\u00e2n\u0103 \u0219i cu celulele stem \u00een cealalta m\u00e2n\u0103, spun\u00e2ndu-i medicului c\u0103 am venit s\u0103 nasc. O s\u0103 \u00eemi amintesc c\u0103 pe Lia am n\u0103scut-o f\u0103r\u0103 Radu al\u0103turi \u0219i alte vizite \u0219i c\u0103 am fost doar noi dou\u0103 timp de 3 zile \u0219i 3 nop\u021bi \u00een spital, dar c\u0103 a fost minunat chiar \u0219i asa, pentru c\u0103 eram am\u00e2ndou\u0103 s\u0103n\u0103toase. \u0218i asta era tot ce conta. Iar b\u0103ie\u021bii ne-au vizitat \u00een dreptul ferestrei salonului de la spital \u0219i ne-am salutat \u0219i ne-am strigat c\u00e2t de mult ne iubim de la distan\u021ba celor 4 etaje. <\/em><\/p>\n\n\n\n<p><em>Apoi o s\u0103 \u00eemi amintesc homeschooling-ul \u0219i repeti\u021biile pentru teatru \u0219i film pe Zoom. O s\u0103 \u00eemi amintesc c\u0103 am avut o premier\u0103 a unui scurtmetraj \u00een cadrul TIFF \u0219i c\u0103 am jucat \u00een altul, fix \u00eenainte s\u0103 se schimbe lumea. O s\u0103 \u00eemi amintesc c\u0103 e anul \u00een care ne-am cump\u0103rat c\u0103su\u021ba de la Viscri \u0219i ne-am f\u0103cut planuri de cum o vom reconsolida \u0219i restaura. Da, a fost un an plin pentru mine, ca un rollercoaster. Dar c\u00e2nd m\u0103 uit la ai mei \u0219tiu de ce sunt fericit\u0103.<\/em>\u201d<\/p>\n\n\n\n<h2 class=\"wp-block-heading\">2. Care e re\u021beaua social\u0103 preferat\u0103 \u00een acest moment? De ce?<\/h2>\n\n\n\n<p><strong>Dana Rogoz:<\/strong><em> \u201e\u00cen momentul acesta comunic mai u\u0219or cu comunitatea mea pe IG sau FB. Acolo dialogul e instant, c\u0103ci a\u0219a au evoluat lucrurile. Dar sunt anumite lucruri pe care le pot comunica \u00een continuare doar pe blogul meu. \u00cel percep ca pe un spa\u021biu mai intim, e \u00abc\u0103su\u021ba\u00bb mea.\u201d&nbsp;<\/em><\/p>\n\n\n\n<h2 class=\"wp-block-heading\">3. Cum e comunitatea pe care ai adunat-o \u00een jurul brandului t\u0103u personal? Cu ce te m\u00e2ndre\u0219ti cel mai mult la rela\u021bia cu comunitatea ta?<\/h2>\n\n\n\n<p><strong>Dana Rogoz:<\/strong> \u201e<em>Mare parte dintre cei care m\u0103 urm\u0103resc acum \u00een online sunt cei care m\u0103 urm\u0103reau \u00eenc\u0103 de pe vremea Abracadabra, apoi \u00een seriale \u0219i care m-au urmat \u00een teatru sau \u00een cinema. C\u00e2nd am deschis blogul acum 10 ani, publicul m\u0103 cuno\u0219tea mai mult din emisiuni sau seriale, a\u0219a c\u0103 am creat o cale de comunicare altfel, transparent\u0103, cu mine, Dana Rogoz \u0219i nu cu personajul Abramburica sau Mimi de La Bloc. <\/em><\/p>\n\n\n\n<p><em>Sigur, preocup\u0103rile mele acum 10 ani \u00een afara studiourilor Buftea erau cu totul altele. Dar ce am realizat pe parcurs e c\u0103 dac\u0103 acum 10 ani vorbeam despre mod\u0103 \u0219i f\u0103ceam street style pe blogul meu, acum pot vorbi despre orice subiect din zona de parenting, \u0219tiind c\u0103 \u0219i cei care m\u0103 urm\u0103resc au ajuns \u00een aceea\u0219i etap\u0103, c\u0103 \u0219i lor li s-au schimbat priorit\u0103\u021bile \u00een via\u021b\u0103. <\/em><\/p>\n\n\n\n<p><em>Simt de multe ori c\u0103 suntem la fel, din acela\u0219i aluat, c\u0103 ne preocup\u0103 \u00een esen\u021b\u0103 acelea\u0219i lucruri. Vorbesc a\u0219adar \u00een principal de un public matur<\/em>. <em>Un public<\/em> <em>deschis spre subiecte care nu sunt tocmai \u00abla mod\u0103\u00bb<\/em>. <em>Un public care nu d\u0103 un like \u0219i o inimioar\u0103 \u0219i pleac\u0103 f\u0103r\u0103 s\u0103 citeasc\u0103 mesajul pe care l-am transmis. Chiar sunt foarte mandr\u0103 de comunitatea mea. Am prieteni din online care mi-au devenit prieteni \u00een offline, iar asta arat\u0103 c\u0103 rela\u021bia pe care m\u0103 str\u0103duiesc s\u0103 o \u00eentre\u021bin cu comunitatea mea e una de respect, validare \u0219i \u00eencredere reciproc\u0103.<\/em>\u201d<\/p>\n\n\n\n<h2 class=\"wp-block-heading\">4. Cum define\u0219ti tu un creator BUN de con\u021binut \u00een Social Media?<\/h2>\n\n\n\n<p><strong>Dana Rogoz: <\/strong><em>\u201eE cel care continu\u0103 s\u0103 inspire \u00eentr-o manier\u0103 responsabil\u0103. Cel care nu are ca scop principal cre\u0219terea num\u0103rului de urm\u0103ritori \u0219i implicit a c\u00e2\u0219tigului financiar, ci a calit\u0103\u021bii con\u021binutului oferit. Sigur, e normal s\u0103 fii remunerat pentru munca depus\u0103, dar conteaz\u0103 enorm ce vector ai, ce te \u00eempinge, ce te-a \u00eempins de la bun \u00eenceput c\u00e2nd \u021bi-ai deschis contul. S-ar putea s\u0103 fie foarte subiectiv punctul meu de vedere, \u021bin\u00e2nd cont c\u0103 eu mi-am deschis blogul f\u0103r\u0103 s\u0103 iau \u00een calcul c\u0103 a\u0219 putea vreodat\u0103 s\u0103 \u00eemi c\u00e2\u0219tig existen\u021ba din el. <\/em><\/p>\n\n\n\n<p><em>\u00cen primii ani scriam \u0219i f\u0103ceam aproape zilnic \u0219edinte foto dedicate lui, f\u0103r\u0103 s\u0103 c\u00e2\u0219tig vreun ban din asta, c\u0103ci nu existau pe atunci campanii \u00een online de acest gen. Dar o f\u0103ceam pur \u0219i simplu pentru c\u0103 \u00eemi f\u0103cea pl\u0103cere, pentru c\u0103 m\u0103 bucuram c\u0103 pot \u021bine aproape o comunitate, pentru c\u0103 vedeam (\u0219i v\u0103d \u00een continuare) Social Media ca pe un schimb, ca pe un loc \u00een care prime\u0219ti \u0219i oferi continuu con\u021binut care s\u0103 inspire. Ori acum multe lucruri se nasc av\u00e2nd cu totul alte premise. \u0218i simt cum limitele se \u00eemping tot mai mult \u0219i mai mult \u0219i nu \u0219tiu dac\u0103 s\u0103 merg \u00eenainte, \u00eempins\u0103 de curent sau s\u0103 m\u0103 opun lui. De multe ori m\u0103 g\u00e2ndesc c\u0103 poate m\u0103 voi re\u00eent\u00e2lni \u00eentr-o zi cu comunitatea mea mai mult \u00een offline dec\u00e2t \u00een online.\u201d&nbsp;<\/em><\/p>\n\n\n\n<h2 class=\"wp-block-heading\">5. Care e responsabilitatea unui creator de con\u021binut \u00een fa\u021ba comunit\u0103\u021bii lui?&nbsp;<\/h2>\n\n\n\n<p><strong>Dana Rogoz:<\/strong> <em>\u201eCred c\u0103 trebuie s\u0103 fii onest, asta e esen\u021bial. \u00cencerc tot timpul s\u0103 analizez Social Media at\u00e2t \u00een calitate de creator de con\u021binut, c\u00e2t \u0219i \u00een calitate de utilizator, \u00eencerc\u00e2nd astfel s\u0103 evit anumite gre\u0219eli. Constat c\u0103 acum nu mai suntem \u00abinfluenceri\u00bb, suntem cu to\u021bii \u00abcreatori de con\u021binut\u00bb. Efectiv am schimbat glazura, dar tortul a r\u0103mas acela\u0219i. <\/em><\/p>\n\n\n\n<p><em>Prea putin important ce denumire g\u0103sim sub care s\u0103 intr\u0103m cu to\u021bii \u0219i care vezi-doamne ne va avantaja mai mult. Ce cred c\u0103 e important acum pentru binele tuturor \u00een online, at\u00e2t \u00abcreatori de continut\u00bb, c\u00e2t \u0219i consumatori, at\u00e2t pentru noi, c\u00e2t \u0219i pentru copiii nostri care vor ajunge la un moment dat pe aceste platforme &#8211; dac\u0103 nu au f\u0103cut-o deja pe ascuns &#8211; este s\u0103 ne p\u0103str\u0103m decen\u021ba, m\u0103sura, bunul sim\u021b, este s\u0103 continu\u0103m s\u0103 fim creativi \u0219i inovatori, dar s\u0103 nu uit\u0103m s\u0103 ne tr\u0103im via\u021ba frumos \u0219i \u00een offline. Dar pe bune. F\u0103r\u0103 stories, filtre \u0219i nevoia constant\u0103 de a crea ceva \u00abcon\u021binut\u00bb din orice \u021bi-e dat s\u0103 tr\u0103ie\u0219ti.\u201d<\/em><\/p>\n\n\n\n<h2 class=\"wp-block-heading\">6. Care e cartea (sau podcastul) pe care o\/\u00eel recomanzi prietenilor cel mai des? De ce?&nbsp;<\/h2>\n\n\n\n<p><strong>Dana Rogoz: <\/strong><em>\u201ePodcasturile DOR, <span style=\"text-decoration: underline;\"><a href=\"https:\/\/www.dor.ro\/arhiva\/podcast\/pe-bune\/\" target=\"_blank\" rel=\"noreferrer noopener\"><span class=\"has-inline-color has-black-color\">Pe Bune<\/span><\/a><\/span> <\/em>\u0219<em>i <span style=\"text-decoration: underline;\"><a href=\"https:\/\/www.dor.ro\/arhiva\/podcast\/mame\/\" target=\"_blank\" rel=\"noreferrer noopener\"><span class=\"has-inline-color has-black-color\">Mame<\/span><\/a><\/span> &#8211; cred foarte tare \u00een mesajul lor, c\u0103 pove\u0219tile adev\u0103rate vindec\u0103. Iar cartea&#8230; offf&#8230; se schimb\u0103 constant, sincer. Dar chiar recent am avut o discu\u021bie mai lung\u0103 cu unul dintre fra\u021bii mei despre c\u0103r\u021bile citite de-a lungul anilor \u0219i \u00eei spuneam c\u0103 Scrisorile lui Vincent Van Gogh ar fi acea carte pe care cred c\u0103 toat\u0103 lumea ar trebui s\u0103 o citeasca.\u201d<\/em><\/p>\n\n\n\n<h2 class=\"wp-block-heading\">7. Care e \u00eentrebarea pe care niciun jurnalist rom\u00e2n nu \u021bi-a adresat-o \u0219i ai vrea s\u0103 fii \u00eentrebat\u0103 mai des despre asta?<\/h2>\n\n\n\n<p><strong>Dana Rogoz:<\/strong> <em>\u201eNu exist\u0103 o \u00eentrebare anume, dar a\u0219 vrea s\u0103 fiu \u00eentrebat\u0103 mai des despre activitatea mea din teatru sau film, dec\u00e2t despre cea din online ori despre via\u021ba personal\u0103, de\u0219i sunt perfect con\u0219tient\u0103 ce tip de informa\u021bie atrage mai mul\u021bi cititori. Dar eu a\u0219 prefera totusi s\u0103 vorbesc mai mult despre profesia mea, cea de actri\u021b\u0103, d\u00e2nd \u0219ansa anumitor proiecte din teatrul independent sau anumitor filme de scurt sau lungmetraj s\u0103 fie astfel mai vizibile, g\u0103sindu-\u0219i un public mai numeros.\u201d<\/em><\/p>\n\n\n\n<hr class=\"wp-block-separator has-css-opacity\"\/>\n\n\n\n<h3 class=\"wp-block-heading\"><strong>Vezi \u0219i alte interviuri realizate pentru acest blog:<\/strong><\/h3>\n\n\n\n<ul class=\"wp-block-list\"><li><strong><a href=\"https:\/\/blog.mocapp.net\/interviu-mocapp-cu-roxana-erdei-rux\/\" target=\"_blank\" rel=\"noreferrer noopener\"><span style=\"text-decoration: underline;\"><span class=\"has-inline-color has-black-color\">RUX (Roxana Erdei)<\/span><\/span><\/a><\/strong><\/li><li><strong><a href=\"https:\/\/blog.mocapp.net\/interviu-mocapp-adela-popescu\/\" target=\"_blank\" rel=\"noreferrer noopener\"><span style=\"text-decoration: underline;\"><span class=\"has-inline-color has-black-color\">Adela Popescu<\/span><\/span><\/a><\/strong><\/li><li><strong><a href=\"https:\/\/blog.mocapp.net\/interviu-mocapp-cu-cristina-ich\/\" target=\"_blank\" rel=\"noreferrer noopener\"><span style=\"text-decoration: underline;\"><span class=\"has-inline-color has-black-color\">Cristina Ich<\/span><\/span><\/a><\/strong><\/li><\/ul>\n\n\n\n<p><strong>Urm\u0103re\u0219te-ne pe <a href=\"https:\/\/www.instagram.com\/mocappnet\/\" target=\"_blank\" rel=\"noreferrer noopener\"><span class=\"has-inline-color has-black-color\"><span style=\"text-decoration: underline;\">Instagram<\/span><\/span><\/a>, <a href=\"https:\/\/www.facebook.com\/mocapp\" target=\"_blank\" rel=\"noreferrer noopener\"><span class=\"has-inline-color has-black-color\"><span style=\"text-decoration: underline;\">Facebook<\/span><\/span><\/a> sau <a href=\"https:\/\/www.linkedin.com\/company\/mocapp\/\" target=\"_blank\" rel=\"noreferrer noopener\"><span class=\"has-inline-color has-black-color\"><span style=\"text-decoration: underline;\">LinkedIn<\/span><\/span><\/a> ca s\u0103 vezi c\u00e2nd apare urm\u0103torul interviu!<\/strong><\/p>\n\n\n\n<p><strong><a href=\"https:\/\/blog.mocapp.net\/category\/influencer-marketing\/\" target=\"_blank\" rel=\"noreferrer noopener\"><span class=\"has-inline-color has-black-color\"><span style=\"text-decoration: underline;\">Pentru mai multe informa\u021bii despre industria Influencer Marketing, vezi AICI seria noastr\u0103 de articole<\/span><\/span><\/a>.<\/strong><\/p>\n","protected":false},"excerpt":{"rendered":"<p>Pe Dana Rogoz o \u0219tim cu to\u021bii de pe vremea c\u00e2nd era Abramburica de la &#8220;Abracadabra&#8221;. A crescut \u00een lumina reflectoarelor \u0219i fiecare rol pe care l-a avut a marcat o perioad\u0103 important\u0103 din via\u021ba ei. Acum la 35 de [&hellip;]<\/p>\n","protected":false},"author":2,"featured_media":5460,"comment_status":"closed","ping_status":"open","sticky":false,"template":"","format":"standard","meta":{"footnotes":""},"categories":[52,33],"tags":[],"class_list":["post-5329","post","type-post","status-publish","format-standard","has-post-thumbnail","hentry","category-influencer-marketing","category-interviews"],"yoast_head":"<!-- This site is optimized with the Yoast SEO plugin v23.2 - https:\/\/yoast.com\/wordpress\/plugins\/seo\/ -->\n<title>Interviu MOCAPP cu Dana Rogoz &#187; MOCAPP<\/title>\n<meta name=\"description\" content=\"Dana Rogoz - interviu MOCAPP despre crearea unei comunit\u0103\u021bi online \u0219i \u00eemp\u0103r\u021birea timpului \u00eentre profesie \u0219i via\u021ba de familie.\" \/>\n<meta name=\"robots\" content=\"index, follow, max-snippet:-1, max-image-preview:large, max-video-preview:-1\" \/>\n<link rel=\"canonical\" href=\"https:\/\/mocapp.net\/blog\/interviu-mocapp-cu-dana-rogoz\/\" \/>\n<meta property=\"og:locale\" content=\"en_US\" \/>\n<meta property=\"og:type\" content=\"article\" \/>\n<meta property=\"og:title\" content=\"Interviu MOCAPP cu Dana Rogoz &#187; MOCAPP\" \/>\n<meta property=\"og:description\" content=\"Dana Rogoz - interviu MOCAPP despre crearea unei comunit\u0103\u021bi online \u0219i \u00eemp\u0103r\u021birea timpului \u00eentre profesie \u0219i via\u021ba de familie.\" \/>\n<meta property=\"og:url\" content=\"https:\/\/mocapp.net\/blog\/interviu-mocapp-cu-dana-rogoz\/?lang=ro\" \/>\n<meta property=\"og:site_name\" content=\"MOCAPP\" \/>\n<meta property=\"article:publisher\" content=\"https:\/\/www.facebook.com\/mocapp\/\" \/>\n<meta property=\"article:published_time\" content=\"2021-01-11T13:50:00+00:00\" \/>\n<meta property=\"article:modified_time\" content=\"2022-08-10T09:22:15+00:00\" \/>\n<meta property=\"og:image\" content=\"https:\/\/mocapp.net\/blog\/wp-content\/uploads\/2021\/01\/Interviuri-noi-MOCAPP-1.png\" \/>\n\t<meta property=\"og:image:width\" content=\"1200\" \/>\n\t<meta property=\"og:image:height\" content=\"627\" \/>\n\t<meta property=\"og:image:type\" content=\"image\/png\" \/>\n<meta name=\"author\" content=\"Florin Grozea\" \/>\n<meta name=\"twitter:card\" content=\"summary_large_image\" \/>\n<script type=\"application\/ld+json\" class=\"yoast-schema-graph\">{\"@context\":\"https:\/\/schema.org\",\"@graph\":[{\"@type\":\"Article\",\"@id\":\"https:\/\/mocapp.net\/blog\/interviu-mocapp-cu-dana-rogoz\/?lang=ro#article\",\"isPartOf\":{\"@id\":\"https:\/\/mocapp.net\/blog\/interviu-mocapp-cu-dana-rogoz\/?lang=ro\"},\"author\":{\"name\":\"Florin Grozea\",\"@id\":\"https:\/\/mocapp.net\/blog\/#\/schema\/person\/21a1829820aed7f26c55ed17a84a7d4e\"},\"headline\":\"Interviu MOCAPP cu Dana Rogoz\",\"datePublished\":\"2021-01-11T13:50:00+00:00\",\"dateModified\":\"2022-08-10T09:22:15+00:00\",\"mainEntityOfPage\":{\"@id\":\"https:\/\/mocapp.net\/blog\/interviu-mocapp-cu-dana-rogoz\/?lang=ro\"},\"wordCount\":1841,\"publisher\":{\"@id\":\"https:\/\/mocapp.net\/blog\/#organization\"},\"image\":{\"@id\":\"https:\/\/mocapp.net\/blog\/interviu-mocapp-cu-dana-rogoz\/?lang=ro#primaryimage\"},\"thumbnailUrl\":\"https:\/\/mocapp.net\/blog\/wp-content\/uploads\/2021\/01\/Interviuri-noi-MOCAPP-1.png\",\"articleSection\":[\"Influencer Marketing\",\"Interviews\"],\"inLanguage\":\"en-US\"},{\"@type\":\"WebPage\",\"@id\":\"https:\/\/mocapp.net\/blog\/interviu-mocapp-cu-dana-rogoz\/?lang=ro\",\"url\":\"https:\/\/mocapp.net\/blog\/interviu-mocapp-cu-dana-rogoz\/?lang=ro\",\"name\":\"Interviu MOCAPP cu Dana Rogoz &#187; MOCAPP\",\"isPartOf\":{\"@id\":\"https:\/\/mocapp.net\/blog\/#website\"},\"primaryImageOfPage\":{\"@id\":\"https:\/\/mocapp.net\/blog\/interviu-mocapp-cu-dana-rogoz\/?lang=ro#primaryimage\"},\"image\":{\"@id\":\"https:\/\/mocapp.net\/blog\/interviu-mocapp-cu-dana-rogoz\/?lang=ro#primaryimage\"},\"thumbnailUrl\":\"https:\/\/mocapp.net\/blog\/wp-content\/uploads\/2021\/01\/Interviuri-noi-MOCAPP-1.png\",\"datePublished\":\"2021-01-11T13:50:00+00:00\",\"dateModified\":\"2022-08-10T09:22:15+00:00\",\"description\":\"Dana Rogoz - interviu MOCAPP despre crearea unei comunit\u0103\u021bi online \u0219i \u00eemp\u0103r\u021birea timpului \u00eentre profesie \u0219i via\u021ba de familie.\",\"breadcrumb\":{\"@id\":\"https:\/\/mocapp.net\/blog\/interviu-mocapp-cu-dana-rogoz\/?lang=ro#breadcrumb\"},\"inLanguage\":\"en-US\",\"potentialAction\":[{\"@type\":\"ReadAction\",\"target\":[\"https:\/\/mocapp.net\/blog\/interviu-mocapp-cu-dana-rogoz\/?lang=ro\"]}]},{\"@type\":\"ImageObject\",\"inLanguage\":\"en-US\",\"@id\":\"https:\/\/mocapp.net\/blog\/interviu-mocapp-cu-dana-rogoz\/?lang=ro#primaryimage\",\"url\":\"https:\/\/mocapp.net\/blog\/wp-content\/uploads\/2021\/01\/Interviuri-noi-MOCAPP-1.png\",\"contentUrl\":\"https:\/\/mocapp.net\/blog\/wp-content\/uploads\/2021\/01\/Interviuri-noi-MOCAPP-1.png\",\"width\":1200,\"height\":627,\"caption\":\"Dana Rogoz\"},{\"@type\":\"BreadcrumbList\",\"@id\":\"https:\/\/mocapp.net\/blog\/interviu-mocapp-cu-dana-rogoz\/?lang=ro#breadcrumb\",\"itemListElement\":[{\"@type\":\"ListItem\",\"position\":1,\"name\":\"Home\",\"item\":\"https:\/\/mocapp.net\/blog\/\"},{\"@type\":\"ListItem\",\"position\":2,\"name\":\"Interviu MOCAPP cu Dana Rogoz\"}]},{\"@type\":\"WebSite\",\"@id\":\"https:\/\/mocapp.net\/blog\/#website\",\"url\":\"https:\/\/mocapp.net\/blog\/\",\"name\":\"MOCAPP\",\"description\":\"Blogul MOCAPP\",\"publisher\":{\"@id\":\"https:\/\/mocapp.net\/blog\/#organization\"},\"potentialAction\":[{\"@type\":\"SearchAction\",\"target\":{\"@type\":\"EntryPoint\",\"urlTemplate\":\"https:\/\/mocapp.net\/blog\/?s={search_term_string}\"},\"query-input\":\"required name=search_term_string\"}],\"inLanguage\":\"en-US\"},{\"@type\":\"Organization\",\"@id\":\"https:\/\/mocapp.net\/blog\/#organization\",\"name\":\"Mocapp\",\"url\":\"https:\/\/mocapp.net\/blog\/\",\"logo\":{\"@type\":\"ImageObject\",\"inLanguage\":\"en-US\",\"@id\":\"https:\/\/mocapp.net\/blog\/#\/schema\/logo\/image\/\",\"url\":\"https:\/\/blog.mocapp.net\/wp-content\/uploads\/2020\/06\/LOGO_WhiteBG.png\",\"contentUrl\":\"https:\/\/blog.mocapp.net\/wp-content\/uploads\/2020\/06\/LOGO_WhiteBG.png\",\"width\":110,\"height\":30,\"caption\":\"Mocapp\"},\"image\":{\"@id\":\"https:\/\/mocapp.net\/blog\/#\/schema\/logo\/image\/\"},\"sameAs\":[\"https:\/\/www.facebook.com\/mocapp\/\",\"https:\/\/www.instagram.com\/mocappnet\/\"]},{\"@type\":\"Person\",\"@id\":\"https:\/\/mocapp.net\/blog\/#\/schema\/person\/21a1829820aed7f26c55ed17a84a7d4e\",\"name\":\"Florin Grozea\",\"image\":{\"@type\":\"ImageObject\",\"inLanguage\":\"en-US\",\"@id\":\"https:\/\/mocapp.net\/blog\/#\/schema\/person\/image\/\",\"url\":\"https:\/\/mocapp.net\/blog\/wp-content\/uploads\/2020\/06\/0-100x100.jpeg\",\"contentUrl\":\"https:\/\/mocapp.net\/blog\/wp-content\/uploads\/2020\/06\/0-100x100.jpeg\",\"caption\":\"Florin Grozea\"},\"description\":\"Founder\/CEO @ MOCAPP. Over 25 years of experience in the creative industries. Entrepreneur since 2007. I write about creators and artists, marketing and advertising in Social Media.\",\"sameAs\":[\"https:\/\/www.mocapp.net\",\"http:\/\/instagram.com\/floringrozea\",\"https:\/\/www.linkedin.com\/in\/floringrozea\/\"],\"url\":\"https:\/\/mocapp.net\/blog\/author\/florin\/\"}]}<\/script>\n<!-- \/ Yoast SEO plugin. -->","yoast_head_json":{"title":"Interviu MOCAPP cu Dana Rogoz &#187; MOCAPP","description":"Dana Rogoz - interviu MOCAPP despre crearea unei comunit\u0103\u021bi online \u0219i \u00eemp\u0103r\u021birea timpului \u00eentre profesie \u0219i via\u021ba de familie.","robots":{"index":"index","follow":"follow","max-snippet":"max-snippet:-1","max-image-preview":"max-image-preview:large","max-video-preview":"max-video-preview:-1"},"canonical":"https:\/\/mocapp.net\/blog\/interviu-mocapp-cu-dana-rogoz\/","og_locale":"en_US","og_type":"article","og_title":"Interviu MOCAPP cu Dana Rogoz &#187; MOCAPP","og_description":"Dana Rogoz - interviu MOCAPP despre crearea unei comunit\u0103\u021bi online \u0219i \u00eemp\u0103r\u021birea timpului \u00eentre profesie \u0219i via\u021ba de familie.","og_url":"https:\/\/mocapp.net\/blog\/interviu-mocapp-cu-dana-rogoz\/?lang=ro","og_site_name":"MOCAPP","article_publisher":"https:\/\/www.facebook.com\/mocapp\/","article_published_time":"2021-01-11T13:50:00+00:00","article_modified_time":"2022-08-10T09:22:15+00:00","og_image":[{"width":1200,"height":627,"url":"https:\/\/mocapp.net\/blog\/wp-content\/uploads\/2021\/01\/Interviuri-noi-MOCAPP-1.png","type":"image\/png"}],"author":"Florin Grozea","twitter_card":"summary_large_image","schema":{"@context":"https:\/\/schema.org","@graph":[{"@type":"Article","@id":"https:\/\/mocapp.net\/blog\/interviu-mocapp-cu-dana-rogoz\/?lang=ro#article","isPartOf":{"@id":"https:\/\/mocapp.net\/blog\/interviu-mocapp-cu-dana-rogoz\/?lang=ro"},"author":{"name":"Florin Grozea","@id":"https:\/\/mocapp.net\/blog\/#\/schema\/person\/21a1829820aed7f26c55ed17a84a7d4e"},"headline":"Interviu MOCAPP cu Dana Rogoz","datePublished":"2021-01-11T13:50:00+00:00","dateModified":"2022-08-10T09:22:15+00:00","mainEntityOfPage":{"@id":"https:\/\/mocapp.net\/blog\/interviu-mocapp-cu-dana-rogoz\/?lang=ro"},"wordCount":1841,"publisher":{"@id":"https:\/\/mocapp.net\/blog\/#organization"},"image":{"@id":"https:\/\/mocapp.net\/blog\/interviu-mocapp-cu-dana-rogoz\/?lang=ro#primaryimage"},"thumbnailUrl":"https:\/\/mocapp.net\/blog\/wp-content\/uploads\/2021\/01\/Interviuri-noi-MOCAPP-1.png","articleSection":["Influencer Marketing","Interviews"],"inLanguage":"en-US"},{"@type":"WebPage","@id":"https:\/\/mocapp.net\/blog\/interviu-mocapp-cu-dana-rogoz\/?lang=ro","url":"https:\/\/mocapp.net\/blog\/interviu-mocapp-cu-dana-rogoz\/?lang=ro","name":"Interviu MOCAPP cu Dana Rogoz &#187; MOCAPP","isPartOf":{"@id":"https:\/\/mocapp.net\/blog\/#website"},"primaryImageOfPage":{"@id":"https:\/\/mocapp.net\/blog\/interviu-mocapp-cu-dana-rogoz\/?lang=ro#primaryimage"},"image":{"@id":"https:\/\/mocapp.net\/blog\/interviu-mocapp-cu-dana-rogoz\/?lang=ro#primaryimage"},"thumbnailUrl":"https:\/\/mocapp.net\/blog\/wp-content\/uploads\/2021\/01\/Interviuri-noi-MOCAPP-1.png","datePublished":"2021-01-11T13:50:00+00:00","dateModified":"2022-08-10T09:22:15+00:00","description":"Dana Rogoz - interviu MOCAPP despre crearea unei comunit\u0103\u021bi online \u0219i \u00eemp\u0103r\u021birea timpului \u00eentre profesie \u0219i via\u021ba de familie.","breadcrumb":{"@id":"https:\/\/mocapp.net\/blog\/interviu-mocapp-cu-dana-rogoz\/?lang=ro#breadcrumb"},"inLanguage":"en-US","potentialAction":[{"@type":"ReadAction","target":["https:\/\/mocapp.net\/blog\/interviu-mocapp-cu-dana-rogoz\/?lang=ro"]}]},{"@type":"ImageObject","inLanguage":"en-US","@id":"https:\/\/mocapp.net\/blog\/interviu-mocapp-cu-dana-rogoz\/?lang=ro#primaryimage","url":"https:\/\/mocapp.net\/blog\/wp-content\/uploads\/2021\/01\/Interviuri-noi-MOCAPP-1.png","contentUrl":"https:\/\/mocapp.net\/blog\/wp-content\/uploads\/2021\/01\/Interviuri-noi-MOCAPP-1.png","width":1200,"height":627,"caption":"Dana Rogoz"},{"@type":"BreadcrumbList","@id":"https:\/\/mocapp.net\/blog\/interviu-mocapp-cu-dana-rogoz\/?lang=ro#breadcrumb","itemListElement":[{"@type":"ListItem","position":1,"name":"Home","item":"https:\/\/mocapp.net\/blog\/"},{"@type":"ListItem","position":2,"name":"Interviu MOCAPP cu Dana Rogoz"}]},{"@type":"WebSite","@id":"https:\/\/mocapp.net\/blog\/#website","url":"https:\/\/mocapp.net\/blog\/","name":"MOCAPP","description":"Blogul MOCAPP","publisher":{"@id":"https:\/\/mocapp.net\/blog\/#organization"},"potentialAction":[{"@type":"SearchAction","target":{"@type":"EntryPoint","urlTemplate":"https:\/\/mocapp.net\/blog\/?s={search_term_string}"},"query-input":"required name=search_term_string"}],"inLanguage":"en-US"},{"@type":"Organization","@id":"https:\/\/mocapp.net\/blog\/#organization","name":"Mocapp","url":"https:\/\/mocapp.net\/blog\/","logo":{"@type":"ImageObject","inLanguage":"en-US","@id":"https:\/\/mocapp.net\/blog\/#\/schema\/logo\/image\/","url":"https:\/\/blog.mocapp.net\/wp-content\/uploads\/2020\/06\/LOGO_WhiteBG.png","contentUrl":"https:\/\/blog.mocapp.net\/wp-content\/uploads\/2020\/06\/LOGO_WhiteBG.png","width":110,"height":30,"caption":"Mocapp"},"image":{"@id":"https:\/\/mocapp.net\/blog\/#\/schema\/logo\/image\/"},"sameAs":["https:\/\/www.facebook.com\/mocapp\/","https:\/\/www.instagram.com\/mocappnet\/"]},{"@type":"Person","@id":"https:\/\/mocapp.net\/blog\/#\/schema\/person\/21a1829820aed7f26c55ed17a84a7d4e","name":"Florin Grozea","image":{"@type":"ImageObject","inLanguage":"en-US","@id":"https:\/\/mocapp.net\/blog\/#\/schema\/person\/image\/","url":"https:\/\/mocapp.net\/blog\/wp-content\/uploads\/2020\/06\/0-100x100.jpeg","contentUrl":"https:\/\/mocapp.net\/blog\/wp-content\/uploads\/2020\/06\/0-100x100.jpeg","caption":"Florin Grozea"},"description":"Founder\/CEO @ MOCAPP. Over 25 years of experience in the creative industries. Entrepreneur since 2007. I write about creators and artists, marketing and advertising in Social Media.","sameAs":["https:\/\/www.mocapp.net","http:\/\/instagram.com\/floringrozea","https:\/\/www.linkedin.com\/in\/floringrozea\/"],"url":"https:\/\/mocapp.net\/blog\/author\/florin\/"}]}},"_links":{"self":[{"href":"https:\/\/mocapp.net\/blog\/wp-json\/wp\/v2\/posts\/5329"}],"collection":[{"href":"https:\/\/mocapp.net\/blog\/wp-json\/wp\/v2\/posts"}],"about":[{"href":"https:\/\/mocapp.net\/blog\/wp-json\/wp\/v2\/types\/post"}],"author":[{"embeddable":true,"href":"https:\/\/mocapp.net\/blog\/wp-json\/wp\/v2\/users\/2"}],"replies":[{"embeddable":true,"href":"https:\/\/mocapp.net\/blog\/wp-json\/wp\/v2\/comments?post=5329"}],"version-history":[{"count":18,"href":"https:\/\/mocapp.net\/blog\/wp-json\/wp\/v2\/posts\/5329\/revisions"}],"predecessor-version":[{"id":7727,"href":"https:\/\/mocapp.net\/blog\/wp-json\/wp\/v2\/posts\/5329\/revisions\/7727"}],"wp:featuredmedia":[{"embeddable":true,"href":"https:\/\/mocapp.net\/blog\/wp-json\/wp\/v2\/media\/5460"}],"wp:attachment":[{"href":"https:\/\/mocapp.net\/blog\/wp-json\/wp\/v2\/media?parent=5329"}],"wp:term":[{"taxonomy":"category","embeddable":true,"href":"https:\/\/mocapp.net\/blog\/wp-json\/wp\/v2\/categories?post=5329"},{"taxonomy":"post_tag","embeddable":true,"href":"https:\/\/mocapp.net\/blog\/wp-json\/wp\/v2\/tags?post=5329"}],"curies":[{"name":"wp","href":"https:\/\/api.w.org\/{rel}","templated":true}]}}